{"id":973,"date":"2015-01-02T06:00:13","date_gmt":"2015-01-02T06:00:13","guid":{"rendered":"https:\/\/farnostgelnica.sk\/?p=973"},"modified":"2015-02-23T17:28:11","modified_gmt":"2015-02-23T17:28:11","slug":"architektonicko-historicky-vyskum-nasho-chramu","status":"publish","type":"post","link":"https:\/\/farnostgelnica.sk\/?p=973","title":{"rendered":"Architektonicko-historick\u00fd v\u00fdskum n\u00e1\u0161ho chr\u00e1mu"},"content":{"rendered":"<p><a href=\"https:\/\/farnostgelnica.sk\/wp-content\/uploads\/2015\/01\/PRIES-01min.jpg\"><img loading=\"lazy\" decoding=\"async\" class=\"alignleft size-full wp-image-970\" src=\"https:\/\/farnostgelnica.sk\/wp-content\/uploads\/2015\/01\/PRIES-01min.jpg\" alt=\"PRIES 01min\" width=\"150\" height=\"150\" \/><\/a>V\u00a0roku 2014 z\u00edskala na\u0161a farnos\u0165 dot\u00e1ciu z\u00a0fondu Ministerstva kult\u00fary SR vo v\u00fd\u0161ke 9.000,-\u20ac ur\u010den\u00fa na realiz\u00e1ciu architektonicko &#8211; historick\u00e9ho v\u00fdskumu Kostola Nanebovzatia Panny M\u00e1rie v\u00a0Gelnici, ktor\u00e9ho realiz\u00e1cia je nevyhnutn\u00fdm predpokladom pre postupn\u00fa komplexn\u00fa obnovu n\u00e1\u0161ho chr\u00e1mu. V\u00a0r\u00e1mci t\u00fdchto pr\u00e1c zabezpe\u010dovan\u00fdch v\u00a0druhom polroku 2014 bolo zrealizovan\u00e9 zameranie kostola, prieskum jeho podzemn\u00fdch kon\u0161trukci\u00ed georadarom, architektonicko &#8211; historick\u00fd prieskum spojen\u00fd i\u00a0so sond\u00e1\u017enymi pr\u00e1cami, dendrologick\u00e9 datovanie dreven\u00fdch kon\u0161trukci\u00ed ako v\u00a0neposlednom rade i arch\u00edvny v\u00fdskum v\u00a0dnes dostupn\u00fdch arch\u00edvnych zdrojoch. Tieto pr\u00e1ce zabezpe\u010dovan\u00e9 \u0161ir\u0161\u00edm kolekt\u00edvom pod veden\u00edm hlavnej rie\u0161ite\u013eky v\u00fdskumu ing.arch.Magdal\u00e9ny Janovskej z\u00a0Levo\u010de s\u00fa zameran\u00e9 na ozrejmenie historick\u00fdch s\u00favislost\u00ed vzniku n\u00e1\u0161ho chr\u00e1mu, jeho architektonicko-stavebn\u00e9ho v\u00fdvoja ako i\u00a0na ur\u010denie hlavn\u00fdch z\u00e1sad jeho bud\u00facej pamiatkovej obnovy. V\u00a0r\u00e1mci sk\u00famania podzemn\u00fdch kon\u0161trukci\u00ed bola lokalizovan\u00e1 poloha krypty vo sv\u00e4tyni chr\u00e1mu ako i\u00a0polohy \u010fal\u0161\u00edch z\u00e1kladov\u00fdch kon\u0161trukci\u00ed poch\u00e1dzaj\u00facich z\u00a0odstr\u00e1nen\u00fdch \u010dast\u00ed p\u00f4vodn\u00fdch \u010dast\u00ed stavby. Prv\u00e1 etapa realizovan\u00fdch prieskumov bola ukon\u010den\u00e1 na konci roku 2014. D\u0148a 04.12.2014 sa konala komision\u00e1lna prezent\u00e1cia dosiahnut\u00fdch v\u00fdsledkov za \u00fa\u010dasti pracovn\u00edkov Krajsk\u00e9ho pamiatkov\u00e9ho \u00faradu. Samotn\u00fd v\u00fdskum u\u017e v\u00a0jeho prvej etape doniesol z\u00e1va\u017en\u00e9 zistenia osvet\u013euj\u00face vznik n\u00e1\u0161ho chr\u00e1mu a\u00a0jeho v\u00e4zby na p\u00f4sobenie rehole dominik\u00e1nov na \u00fazem\u00ed n\u00e1\u0161ho mesta v\u00a013.storo\u010d\u00ed. Realizovan\u00fd v\u00fdskum tak v\u00fdrazne prispeje i\u00a0 k\u00a0poznaniu \u0161ir\u0161\u00edch dejinn\u00fdch s\u00favislost\u00ed\u00a0 vo vz\u0165ahu k dejin\u00e1m mesta a i poznaniu hist\u00f3rie p\u00f4sobenia rehole dominik\u00e1nov na na\u0161om \u00fazem\u00ed.<\/p>\n<p>V\u00a0priebehu roka 2015 bud\u00fa v\u00fdskumn\u00e9 pr\u00e1ce pokra\u010dova\u0165 doplnen\u00edm arch\u00edvnych v\u00fdskumov ako i\u00a0re\u0161taur\u00e1torsk\u00fdmi v\u00fdskumami kamenn\u00fdch \u010dast\u00ed pamiatky. V\u00fdsledky realizovan\u00fdch v\u00fdskumn\u00fdch pr\u00e1c by mali v\u00a0ucelenej podobe by\u0165 prezentovan\u00e9 verejnosti na samostatnej v\u00fdstave pl\u00e1novanej v\u00a0priestoroch Ban\u00edckeho m\u00fazea v\u00a0okt\u00f3bri 2015, ktor\u00e1 by mala by\u0165 venovan\u00e1 nov\u00fdm poznatkom via\u017e\u00facim sa k hist\u00f3rii n\u00e1\u0161ho chr\u00e1mu.<\/p>\n<p>Tieto sna\u017eenia nadv\u00e4zuj\u00face na u\u017e realizovan\u00fa obnovu port\u00e1lu vstupu kostola a\u00a0re\u0161taurovanie plastiky sv.Barbory s\u00fa veden\u00e9 snahou o\u00a0postupn\u00fa a\u00a0k\u00a0historick\u00e9mu v\u00fdznamu adekv\u00e1tnu pamiatkov\u00fa obnovu n\u00e1\u0161ho chr\u00e1mu ako i\u00a0snahou o\u00a0roz\u0161\u00edrenie n\u00e1\u0161ho poznania s\u00favislost\u00ed jeho vzniku, v\u00fdvoja a poznania jeho historick\u00fdch hodn\u00f4t.<\/p>\nngg_shortcode_0_placeholder\n","protected":false},"excerpt":{"rendered":"<p>V\u00a0roku 2014 z\u00edskala na\u0161a farnos\u0165 dot\u00e1ciu z\u00a0fondu Ministerstva kult\u00fary SR vo v\u00fd\u0161ke 9.000,-\u20ac ur\u010den\u00fa na realiz\u00e1ciu architektonicko &#8211; historick\u00e9ho v\u00fdskumu&#8230; <a href=\"https:\/\/farnostgelnica.sk\/?p=973\">\u010c\u00edta\u0165 cel\u00fd \u010dl\u00e1nok &raquo;<\/a><\/p>\n","protected":false},"author":2,"featured_media":0,"comment_status":"closed","ping_status":"closed","sticky":false,"template":"","format":"standard","meta":{"ngg_post_thumbnail":0,"footnotes":""},"categories":[2,5],"tags":[],"class_list":["post-973","post","type-post","status-publish","format-standard","hentry","category-z-nasho-zivota","category-z-nasho-zivota-z-nasho-zivota"],"_links":{"self":[{"href":"https:\/\/farnostgelnica.sk\/index.php?rest_route=\/wp\/v2\/posts\/973"}],"collection":[{"href":"https:\/\/farnostgelnica.sk\/index.php?rest_route=\/wp\/v2\/posts"}],"about":[{"href":"https:\/\/farnostgelnica.sk\/index.php?rest_route=\/wp\/v2\/types\/post"}],"author":[{"embeddable":true,"href":"https:\/\/farnostgelnica.sk\/index.php?rest_route=\/wp\/v2\/users\/2"}],"replies":[{"embeddable":true,"href":"https:\/\/farnostgelnica.sk\/index.php?rest_route=%2Fwp%2Fv2%2Fcomments&post=973"}],"version-history":[{"count":8,"href":"https:\/\/farnostgelnica.sk\/index.php?rest_route=\/wp\/v2\/posts\/973\/revisions"}],"predecessor-version":[{"id":1013,"href":"https:\/\/farnostgelnica.sk\/index.php?rest_route=\/wp\/v2\/posts\/973\/revisions\/1013"}],"wp:attachment":[{"href":"https:\/\/farnostgelnica.sk\/index.php?rest_route=%2Fwp%2Fv2%2Fmedia&parent=973"}],"wp:term":[{"taxonomy":"category","embeddable":true,"href":"https:\/\/farnostgelnica.sk\/index.php?rest_route=%2Fwp%2Fv2%2Fcategories&post=973"},{"taxonomy":"post_tag","embeddable":true,"href":"https:\/\/farnostgelnica.sk\/index.php?rest_route=%2Fwp%2Fv2%2Ftags&post=973"}],"curies":[{"name":"wp","href":"https:\/\/api.w.org\/{rel}","templated":true}]}}