{"id":495,"date":"2013-06-20T16:50:25","date_gmt":"2013-06-20T16:50:25","guid":{"rendered":"http:\/\/test.farnostgelnica.sk\/?p=495"},"modified":"2013-06-26T03:16:02","modified_gmt":"2013-06-26T03:16:02","slug":"vyrocie-znovu-instalacie-velkeho-zvona-nasho-chramu","status":"publish","type":"post","link":"https:\/\/farnostgelnica.sk\/?p=495","title":{"rendered":"V\u00fdro\u010die znovu in\u0161tal\u00e1cie ve\u013ek\u00e9ho zvona n\u00e1\u0161ho chr\u00e1mu"},"content":{"rendered":"<p><a href=\"http:\/\/test.farnostgelnica.sk\/wp-content\/uploads\/2013\/06\/ZV-270-01-min.jpg\"><img loading=\"lazy\" decoding=\"async\" class=\"alignleft size-full wp-image-540\" alt=\"ZV 270 01 min\" src=\"http:\/\/test.farnostgelnica.sk\/wp-content\/uploads\/2013\/06\/ZV-270-01-min.jpg\" width=\"150\" height=\"150\" \/><\/a>Mestsk\u00fd not\u00e1r Gelnice Anton Stark op\u00edsal pr\u00edbeh troch zvonov vo ve\u017ei chr\u00e1mu vo svojom diele \u201e<i>Beytr\u00e4ge zur Geschichte der Bergstadt G\u00f6llnitz<\/i>\u201c \/ \u201e<i>Hist\u00f3ria bansk\u00e9ho mesta Gelnica<\/i>\u201c z roku 1813. Jedin\u00fd dodnes zachovan\u00fd je Ve\u013ek\u00fd zvon, ktor\u00fd bol odliaty v roku 1742 pre\u0161ovsk\u00fdm zvonolej\u00e1rom Sebasti\u00e1nom Lecherom, p\u00f4vodom z Tirolska.<\/p>\n<p>Pr\u00edbeh Ve\u013ek\u00e9ho zvona v\u0161ak siaha \u010faleko hlb\u0161ie do hist\u00f3rie. Pod\u013ea Antona Starka sa d\u00e1 predpoklada\u0165, \u017ee zvon bol odliaty u\u017e v 15. storo\u010d\u00ed, z obdobia rozkvetu gelnick\u00e9ho ban\u00edctva. Je pravdepodobn\u00e9, \u017ee kov, z\u00a0ktor\u00e9ho je zvon uliaty, poch\u00e1dza z\u00a0gelnick\u00fdch ban\u00ed a\u00a0\u017ee obsahuje mnoho striebra. Zvon sl\u00fa\u017eil mestu do roku 1647 a\u00a0pre\u017eil r\u00f4zne b\u00farliv\u00e9 doby, najm\u00e4 v\u00a0prvej polovici 16. storo\u010dia, kedy Gelnicu ohrozovali vojsk\u00e1 Z\u00e1po\u013esk\u00e9ho a\u00a0Bebekovcov z\u00a0Kr\u00e1snej H\u00f4rky.<\/p>\n<p>V roku 1647 dal \u0160tefan Cs\u00e1ky odvies\u0165 zvon na Spi\u0161sk\u00fd hrad, aby bol v\u00a0bezpe\u010d\u00ed, lebo mesto v\u00a0t\u00fato dobu drancovali i\u00a0kuruck\u00e9 vojsk\u00e1. Hrad bol v\u0161ak na za\u010diatku 18. storo\u010dia dobit\u00fd a zvon zni\u010den\u00fd. Gelnica v\u0161ak chcela svojho \u201esyna gelnick\u00fdch vrchov\u201c, ako ho Anton Stark naz\u00fdva, sp\u00e4\u0165. A tak po nieko\u013ek\u00fdch desa\u0165ro\u010diach a po vyjedn\u00e1van\u00ed s rodinou Cs\u00e1ky, sa podarilo na z\u00e1klade povolenia M\u00e1rie Ter\u00e9zie previes\u0165 trosky zvona sp\u00e4\u0165 do Gelnice. Pod\u013ea n\u00e1jden\u00fdch \u00falomkov gotick\u00e9ho zvona na Spi\u0161skom hrade m\u00f4\u017eeme predpoklada\u0165, \u017ee bol odliaty zn\u00e1mou spi\u0161skou diel\u0148ou majstra Konr\u00e1da Gaala.<\/p>\n<p>Majster Lecherer odlieva prv\u00fd, men\u0161\u00ed zvon u\u017e v roku 1741. Ve\u013ek\u00fd zvon odlieva z trosiek p\u00f4vodn\u00e9ho zvona v Gelnici v bl\u00edzkosti kostolnej ve\u017ee v roku 1742. V tom istom roku odlieva e\u0161te tret\u00ed zvon. Miestny p\u00e1ni a majitelia ban\u00ed prispievaj\u00fa nieko\u013ek\u00fdmi centami kovu. T\u00fato radostn\u00fa udalos\u0165 pripom\u00edna nemeck\u00fd n\u00e1pis na zvone, ktor\u00e9ho vo\u013en\u00fd preklad znie:<\/p>\n<p align=\"center\"><b>\u201e<\/b><b>M\u0148a, p\u00f4vodn\u00fd zvon starobyl\u00e9ho bansk\u00e9ho mesta Gelnica, v\u00a0roku 1742 s najmilostivej\u0161\u00edm privolen\u00edm jej kr\u00e1\u013eovsk\u00e9ho majest\u00e1tu M\u00e1rie Ter\u00e9zie, kr\u00e1\u013eovnej Uhorska, ako aj so s\u00fahlasom vysoko v\u00e1\u017eenej rodiny Cs\u00e1kyovcov a na\u0161ej milostivej zemskej vrchnosti \u2013 Spi\u0161skej stolice, priniesli sp\u00e4\u0165 do Gelnice, kde ma s\u00a0prispen\u00edm celej gelnickej pospolitosti opravili a\u00a0znovu odliali.\u201c<\/b><\/p>\n<p>Vz\u00e1cnos\u0165ou tohto zvona s\u00fa 2 mince, zrejme toliare z \u010dias M\u00e1rie Ter\u00e9zie, umiestnen\u00e9 na jeho krku. Sama panovn\u00ed\u010dka ur\u010dovala zvony, ktor\u00e9 mali by\u0165 tak\u00fdmto sp\u00f4sobom ozdoben\u00e9.\u00a0 Na na\u0161om \u00fazem\u00ed takto dekorovan\u00e9 zvony m\u00f4\u017eeme nar\u00e1ta\u0165 na prstoch jednej ruky.<\/p>\n<p>20. a 22. j\u00fala 2012 sme si pripomenuli 270. v\u00fdro\u010die znovu odliatia Ve\u013ek\u00e9ho zvona. Pri tejto pr\u00edle\u017eitosti sa uskuto\u010dnila v\u00fdstava fotografi\u00ed zvonov a ve\u017ee. Boli prezentovan\u00e9 n\u00e1pisy na zvonoch a ich preklady ako aj reprodukcie v\u00fdtvarnej v\u00fdzdoby zvonov a odtla\u010dok \u010dasti Ve\u013ek\u00e9ho zvona, ktor\u00fd zapo\u017ei\u010dalo V\u00fdchodoslovensk\u00e9 m\u00fazeum v Ko\u0161iciach. V chr\u00e1me sa konala sl\u00e1vnos\u0165, kde slovom a filmom bol prezentovan\u00fd pr\u00edbeh a tie\u017e zvonenie zvonov. Pri tejto pr\u00edle\u017eitosti sa zvonilo v Gelnici ru\u010dne a tento odkaz udr\u017euj\u00fa gelnick\u00ed zvon\u00e1ri i na\u010falej pre in\u00e9 sl\u00e1vnosti.<\/p>\nngg_shortcode_0_placeholder\n","protected":false},"excerpt":{"rendered":"<p>Mestsk\u00fd not\u00e1r Gelnice Anton Stark op\u00edsal pr\u00edbeh troch zvonov vo ve\u017ei chr\u00e1mu vo svojom diele \u201eBeytr\u00e4ge zur Geschichte der Bergstadt&#8230; <a href=\"https:\/\/farnostgelnica.sk\/?p=495\">\u010c\u00edta\u0165 cel\u00fd \u010dl\u00e1nok &raquo;<\/a><\/p>\n","protected":false},"author":2,"featured_media":0,"comment_status":"closed","ping_status":"closed","sticky":false,"template":"","format":"standard","meta":{"ngg_post_thumbnail":0,"footnotes":""},"categories":[5],"tags":[],"class_list":["post-495","post","type-post","status-publish","format-standard","hentry","category-z-nasho-zivota-z-nasho-zivota"],"_links":{"self":[{"href":"https:\/\/farnostgelnica.sk\/index.php?rest_route=\/wp\/v2\/posts\/495"}],"collection":[{"href":"https:\/\/farnostgelnica.sk\/index.php?rest_route=\/wp\/v2\/posts"}],"about":[{"href":"https:\/\/farnostgelnica.sk\/index.php?rest_route=\/wp\/v2\/types\/post"}],"author":[{"embeddable":true,"href":"https:\/\/farnostgelnica.sk\/index.php?rest_route=\/wp\/v2\/users\/2"}],"replies":[{"embeddable":true,"href":"https:\/\/farnostgelnica.sk\/index.php?rest_route=%2Fwp%2Fv2%2Fcomments&post=495"}],"version-history":[{"count":10,"href":"https:\/\/farnostgelnica.sk\/index.php?rest_route=\/wp\/v2\/posts\/495\/revisions"}],"predecessor-version":[{"id":541,"href":"https:\/\/farnostgelnica.sk\/index.php?rest_route=\/wp\/v2\/posts\/495\/revisions\/541"}],"wp:attachment":[{"href":"https:\/\/farnostgelnica.sk\/index.php?rest_route=%2Fwp%2Fv2%2Fmedia&parent=495"}],"wp:term":[{"taxonomy":"category","embeddable":true,"href":"https:\/\/farnostgelnica.sk\/index.php?rest_route=%2Fwp%2Fv2%2Fcategories&post=495"},{"taxonomy":"post_tag","embeddable":true,"href":"https:\/\/farnostgelnica.sk\/index.php?rest_route=%2Fwp%2Fv2%2Ftags&post=495"}],"curies":[{"name":"wp","href":"https:\/\/api.w.org\/{rel}","templated":true}]}}