{"id":2027,"date":"2020-11-21T09:05:36","date_gmt":"2020-11-21T09:05:36","guid":{"rendered":"https:\/\/farnostgelnica.sk\/?p=2027"},"modified":"2020-11-21T09:05:36","modified_gmt":"2020-11-21T09:05:36","slug":"kurz-zakladov-krestana-v-gelnici","status":"publish","type":"post","link":"https:\/\/farnostgelnica.sk\/?p=2027","title":{"rendered":"Kurz z\u00e1kladov kres\u0165ana v Gelnici"},"content":{"rendered":"<p>&nbsp;<\/p>\n<p><img loading=\"lazy\" decoding=\"async\" class=\"alignleft size-full wp-image-622\" src=\"https:\/\/farnostgelnica.sk\/wp-content\/uploads\/2013\/06\/Biblia.jpg\" alt=\"Biblia\" width=\"150\" height=\"90\" \/><\/p>\n<div>Od marca 2018 do marca 2020 vo farnosti Gelnica sa uskuto\u010dnil dvojro\u010dn\u00fd Kurz z\u00e1kladov kres\u0165ana, v ktorom sa prostredn\u00edctvom modlitieb, predn\u00e1\u0161ok, biblick\u00fdch ve\u010derov, workshopov, pr\u00e1ce v skupink\u00e1ch a ve\u010derov chv\u00e1l mali mo\u017enos\u0165 \u00fa\u010dastn\u00edci na ekumenickej b\u00e1ze dozvedie\u0165 viac o kres\u0165anstve, za\u017ei\u0165 osobn\u00fa modlitbu i preh\u013abi\u0165 si \u017eivot viery. Na predn\u00e1\u0161kach na jednotliv\u00e9 biblick\u00e9, spiritu\u00e1lne a antropologick\u00e9 t\u00e9my sa vystriedalo nieko\u013eko predn\u00e1\u0161aj\u00facich: evanjelick\u00e1 far\u00e1rka Mgr. Marta Chlp\u00edkov\u00e1, Branislav Letko a Lama\u010dsk\u00e9 chv\u00e1ly, Dr. Gerhard Weag a Fraternita Jeruzalem, greckokatol\u00edcky far\u00e1r Pavol Mihajlo, rab\u00edn Michail Kapustin a dekan Mons. Du\u0161an Luk\u00e1\u010d. Iniciat\u00edva bola preh\u013aben\u00edm ekumenick\u00fdch vz\u0165ahov i otvoren\u00edm priestoru pre h\u013eadaj\u00facich odpovede na rozli\u010dn\u00e9 ot\u00e1zky \u017eivota viery.<\/div>\n<div>Kurzu sa z\u00fa\u010dastnilo 80 participantov z mesta Gelnica i okolia.<\/div>\n<p>&nbsp;<\/p>\n<p>&nbsp;<\/p>\n<p>&nbsp;<\/p>\n<p>&nbsp;<\/p>\n<p>&nbsp;<\/p>\n","protected":false},"excerpt":{"rendered":"<p>&nbsp; Od marca 2018 do marca 2020 vo farnosti Gelnica sa uskuto\u010dnil dvojro\u010dn\u00fd Kurz z\u00e1kladov kres\u0165ana, v ktorom sa prostredn\u00edctvom&#8230; <a href=\"https:\/\/farnostgelnica.sk\/?p=2027\">\u010c\u00edta\u0165 cel\u00fd \u010dl\u00e1nok &raquo;<\/a><\/p>\n","protected":false},"author":2,"featured_media":0,"comment_status":"closed","ping_status":"closed","sticky":false,"template":"","format":"standard","meta":{"ngg_post_thumbnail":0,"footnotes":""},"categories":[5,2],"tags":[],"class_list":["post-2027","post","type-post","status-publish","format-standard","hentry","category-z-nasho-zivota-z-nasho-zivota","category-z-nasho-zivota"],"_links":{"self":[{"href":"https:\/\/farnostgelnica.sk\/index.php?rest_route=\/wp\/v2\/posts\/2027"}],"collection":[{"href":"https:\/\/farnostgelnica.sk\/index.php?rest_route=\/wp\/v2\/posts"}],"about":[{"href":"https:\/\/farnostgelnica.sk\/index.php?rest_route=\/wp\/v2\/types\/post"}],"author":[{"embeddable":true,"href":"https:\/\/farnostgelnica.sk\/index.php?rest_route=\/wp\/v2\/users\/2"}],"replies":[{"embeddable":true,"href":"https:\/\/farnostgelnica.sk\/index.php?rest_route=%2Fwp%2Fv2%2Fcomments&post=2027"}],"version-history":[{"count":4,"href":"https:\/\/farnostgelnica.sk\/index.php?rest_route=\/wp\/v2\/posts\/2027\/revisions"}],"predecessor-version":[{"id":2031,"href":"https:\/\/farnostgelnica.sk\/index.php?rest_route=\/wp\/v2\/posts\/2027\/revisions\/2031"}],"wp:attachment":[{"href":"https:\/\/farnostgelnica.sk\/index.php?rest_route=%2Fwp%2Fv2%2Fmedia&parent=2027"}],"wp:term":[{"taxonomy":"category","embeddable":true,"href":"https:\/\/farnostgelnica.sk\/index.php?rest_route=%2Fwp%2Fv2%2Fcategories&post=2027"},{"taxonomy":"post_tag","embeddable":true,"href":"https:\/\/farnostgelnica.sk\/index.php?rest_route=%2Fwp%2Fv2%2Ftags&post=2027"}],"curies":[{"name":"wp","href":"https:\/\/api.w.org\/{rel}","templated":true}]}}