{"id":1940,"date":"2020-07-02T03:26:26","date_gmt":"2020-07-02T03:26:26","guid":{"rendered":"https:\/\/farnostgelnica.sk\/?p=1940"},"modified":"2020-07-04T03:44:56","modified_gmt":"2020-07-04T03:44:56","slug":"pripravne-prace-obnovy-striech-a-fasad-objektu-fary","status":"publish","type":"post","link":"https:\/\/farnostgelnica.sk\/?p=1940","title":{"rendered":"Pr\u00edpravn\u00e9 pr\u00e1ce obnovy striech a fas\u00e1d objektu fary"},"content":{"rendered":"<p><img loading=\"lazy\" decoding=\"async\" class=\"alignleft size-medium wp-image-1934\" src=\"https:\/\/farnostgelnica.sk\/wp-content\/uploads\/2020\/07\/FAR-02-271x300.jpg\" alt=\"FAR 02\" width=\"271\" height=\"300\" srcset=\"https:\/\/farnostgelnica.sk\/wp-content\/uploads\/2020\/07\/FAR-02-271x300.jpg 271w, https:\/\/farnostgelnica.sk\/wp-content\/uploads\/2020\/07\/FAR-02-135x150.jpg 135w, https:\/\/farnostgelnica.sk\/wp-content\/uploads\/2020\/07\/FAR-02-768x852.jpg 768w, https:\/\/farnostgelnica.sk\/wp-content\/uploads\/2020\/07\/FAR-02-923x1024.jpg 923w, https:\/\/farnostgelnica.sk\/wp-content\/uploads\/2020\/07\/FAR-02.jpg 1368w\" sizes=\"(max-width: 271px) 100vw, 271px\" \/>\u00a0\u00a0V roku 2020 z\u00edskala na\u0161a farnos\u0165 dot\u00e1ciu Ministerstva kult\u00fary SR z dota\u010dnej sch\u00e9my &#8222;Obnov si svoj dom&#8220; na realiz\u00e1ciu pr\u00edpravn\u00fdch pr\u00e1c komplexnej obnovy striech a fas\u00e1d na\u0161ej fary vo v\u00fd\u0161ke 9.600,-\u20ac.<\/p>\n<p>Cie\u013eom realiz\u00e1cie projektu je zabezpe\u010di\u0165 spracovanie v\u0161etk\u00fdch pr\u00edpravn\u00fdch pr\u00e1c spojen\u00fdch s pl\u00e1novanou realiz\u00e1ciou komplexnej obnovy strechy, kom\u00ednov\u00fdch telies a fas\u00e1d r\u00edmskokatol\u00edckej fary v Gelnici. Pr\u00e1ce bud\u00fa spo\u010d\u00edva\u0165 zo zabezpe\u010denia zamerania fas\u00e1d a krovu vr\u00e1tane geodetick\u00e9ho zamerania rastl\u00fdch ter\u00e9nov, pr\u00edpravy projektu san\u00e1cie mur\u00edv vo\u010di zemnej vlhkosti, re\u0161taur\u00e1torsk\u00e9ho prieskumu fas\u00e1d a samotn\u00e9ho spracovania v\u00fdslednej projektovej dokument\u00e1cie vr\u00e1tane rozpo\u010dtov a v\u00fdkazov v\u00fdmer pre realiz\u00e1ciu takto \u0161pecifikovanej obnovy dnes zna\u010dne po\u0161koden\u00e9ho vonkaj\u0161ieho pl\u00e1\u0161\u0165a historick\u00e9ho objektu.<\/p>\n<p>T\u00fdmto krokom chceme nadviaza\u0165 na v minulom roku realizovan\u00fa obnovu oporn\u00e9ho m\u00fara a oplotenia z\u00e1hrady fary a pripravi\u0165 sa na realiz\u00e1ciu dnes u\u017e nevyhnutn\u00fdch opr\u00e1v striech a fas\u00e1d objektu fary, ktor\u00e9 pl\u00e1nujeme realizova\u0165 v nasleduj\u00facich rokoch.<\/p>\n<p>Za duchovn\u00fa podporu tohoto projektu ako i finan\u010dn\u00fa podporu opr\u00e1v oporn\u00fdch m\u00farov a oplotenia realizovan\u00fdch v minulom roku v\u0161etk\u00fdm veriacim \u010fakujeme.<\/p>\n<p>Pr\u00e1ce realizovan\u00e9 v minulom roku podporil dot\u00e1ciou vo v\u00fd\u0161ke 20.000,-\u20ac i \u00darad vl\u00e1dy SR<\/p>\n<p><!--more--><\/p>\n<p>&nbsp;<\/p>\n<p>&nbsp;<\/p>\n<p>&nbsp;<\/p>\n<p>&nbsp;<\/p>\n","protected":false},"excerpt":{"rendered":"<p>\u00a0\u00a0V roku 2020 z\u00edskala na\u0161a farnos\u0165 dot\u00e1ciu Ministerstva kult\u00fary SR z dota\u010dnej sch\u00e9my &#8222;Obnov si svoj dom&#8220; na realiz\u00e1ciu pr\u00edpravn\u00fdch&#8230; <a href=\"https:\/\/farnostgelnica.sk\/?p=1940\">\u010c\u00edta\u0165 cel\u00fd \u010dl\u00e1nok &raquo;<\/a><\/p>\n","protected":false},"author":2,"featured_media":0,"comment_status":"closed","ping_status":"closed","sticky":false,"template":"","format":"standard","meta":{"ngg_post_thumbnail":0,"footnotes":""},"categories":[4,2],"tags":[],"class_list":["post-1940","post","type-post","status-publish","format-standard","hentry","category-oznamy","category-z-nasho-zivota"],"_links":{"self":[{"href":"https:\/\/farnostgelnica.sk\/index.php?rest_route=\/wp\/v2\/posts\/1940"}],"collection":[{"href":"https:\/\/farnostgelnica.sk\/index.php?rest_route=\/wp\/v2\/posts"}],"about":[{"href":"https:\/\/farnostgelnica.sk\/index.php?rest_route=\/wp\/v2\/types\/post"}],"author":[{"embeddable":true,"href":"https:\/\/farnostgelnica.sk\/index.php?rest_route=\/wp\/v2\/users\/2"}],"replies":[{"embeddable":true,"href":"https:\/\/farnostgelnica.sk\/index.php?rest_route=%2Fwp%2Fv2%2Fcomments&post=1940"}],"version-history":[{"count":5,"href":"https:\/\/farnostgelnica.sk\/index.php?rest_route=\/wp\/v2\/posts\/1940\/revisions"}],"predecessor-version":[{"id":1945,"href":"https:\/\/farnostgelnica.sk\/index.php?rest_route=\/wp\/v2\/posts\/1940\/revisions\/1945"}],"wp:attachment":[{"href":"https:\/\/farnostgelnica.sk\/index.php?rest_route=%2Fwp%2Fv2%2Fmedia&parent=1940"}],"wp:term":[{"taxonomy":"category","embeddable":true,"href":"https:\/\/farnostgelnica.sk\/index.php?rest_route=%2Fwp%2Fv2%2Fcategories&post=1940"},{"taxonomy":"post_tag","embeddable":true,"href":"https:\/\/farnostgelnica.sk\/index.php?rest_route=%2Fwp%2Fv2%2Ftags&post=1940"}],"curies":[{"name":"wp","href":"https:\/\/api.w.org\/{rel}","templated":true}]}}