{"id":1844,"date":"2020-03-15T04:19:28","date_gmt":"2020-03-15T04:19:28","guid":{"rendered":"https:\/\/farnostgelnica.sk\/?p=1844"},"modified":"2020-03-15T04:19:28","modified_gmt":"2020-03-15T04:19:28","slug":"vyzva-k-modlitbe-diecezneho-biskupa-mons-stanislava-stolatika","status":"publish","type":"post","link":"https:\/\/farnostgelnica.sk\/?p=1844","title":{"rendered":"V\u00fdzva k modlitbe diec\u00e9zneho biskupa Mons. Stanislava Stol\u00e1tika"},"content":{"rendered":"<p>&nbsp;<\/p>\n<p>Drah\u00ed bratia k\u0148azi, drah\u00ed veriaci,<\/p>\n<p>\u201eOd 16. marca, kedy je, ako v\u017edy 16. &#8211; teho v mesiaci, De\u0148 modlitieb za Ro\u017e\u0148avsk\u00fa diec\u00e9zu, sa za\u010dneme v celej na\u0161ej diec\u00e9ze modli\u0165 Deviatnik k Ro\u017e\u0148avskej Panne M\u00e1rii, (pod\u013ea zn\u00e1mej bro\u017e\u00farky). Vieme, \u017ee Ro\u017e\u0148avsk\u00e1 Panna M\u00e1ria u\u017e v 18. storo\u010d\u00ed zachr\u00e1nila mesto Ro\u017e\u0148avu a okolie pred epid\u00e9miou. Deviatnik k Ro\u017e\u0148avskej Panne M\u00e1rii sa budeme modli\u0165 vo v\u0161etk\u00fdch farnostiach, fili\u00e1lkach, reho\u013en\u00fdch spolo\u010denstv\u00e1ch, v \u0161kol\u00e1ch, a pros\u00edm o t\u00fato modlitbu aj v rodin\u00e1ch, i jednotlivcov. Ka\u017ed\u00fd, ako m\u00f4\u017ee. Majme pred o\u010dami po\u010das cel\u00fdch dev\u00e4\u0165 dn\u00ed obraz na\u0161ej Ro\u017e\u0148avskej Panny M\u00e1rie, d\u00f4verujme jej, d\u00f4verujme sv. Jozefovi, ktor\u00e9ho mesiac teraz pre\u017e\u00edvame a ktor\u00e9ho sviatok osl\u00e1vime uprostred deviatnika.<\/p>\n<p>Nechceme sa necha\u0165 paralyzova\u0165 strachom zo \u0161\u00edriacej sa choroby, sp\u00f4sobenej koronav\u00edrusom, ale chceme by\u0165 \u013eu\u010fmi viery, ktor\u00ed vedia, na koho sa s d\u00f4verou obr\u00e1ti\u0165 vo v\u0161etk\u00fdch \u017eivotn\u00fdch sk\u00fa\u0161kach, ktor\u00e9 postihuj\u00fa n\u00e1s, alebo na\u0161ich bratov a sestry. Budeme prosi\u0165 o ochranu zdravia tela, ale aj du\u0161e. Prosi\u0165 za seba, ale aj za druh\u00fdch. V dejin\u00e1ch Cirkvi boli mnoh\u00e9 epid\u00e9mie, v ktor\u00fdch sa \u013eudia e\u0161te viac utiekali k Bohu modlitbami v rodin\u00e1ch, chr\u00e1moch, na p\u00fatnick\u00fdch miestach. 2 tohto obdobia m\u00e1me ve\u013ea kr\u00e1snych pr\u00edkladov obetavej slu\u017eby postihnut\u00fdm a to a\u017e po hranicu mu\u010den\u00edctva. Aj teraz, n\u00e1\u0161 P\u00e1n, ktor\u00fd n\u00e1s vedie cestou k sp\u00e1se a k ve\u010dn\u00e9mu \u017eivotu, n\u00e1m d\u00e1va denne pr\u00edle\u017eitos\u0165 kr\u00e1\u010da\u0165 touto cestou v d\u00f4vere, a poz\u00fdva n\u00e1s pom\u00e1ha\u0165 aj in\u00fdm &#8211; modlitbou, p\u00f4stom, konan\u00edm skutkov l\u00e1sky, milosrdenstva.<\/p>\n<p>N\u00e1\u0161 Boh je Bohom \u017eivota, radosti, a nie sm\u00fatku a strachu. V tejto istote n\u00e1s vol\u00e1 aj k pok\u00e1niu, zvl\u00e1\u0161\u0165 v tejto p\u00f4stnej dobe. Vyz\u00fdva n\u00e1s k nemu aj prostredn\u00edctvom Panny M\u00e1rie. Ve\u013ea sme o tom uva\u017eovali pri na\u0161ej pr\u00edprave na zasv\u00e4tenie sa jej Nepo\u0161kvrnen\u00e9mu Srdcu v roku 2017. M\u00e1ria v Med\u017eugor\u00ed pokra\u010duje vo svojich v\u00fdzvach na pok\u00e1nie &#8211; je to pokra\u010dovanie Fatimy a jej posolstiev. Preto pros\u00edm ka\u017ed\u00e9ho v na\u0161ej diec\u00e9ze, kto m\u00f4\u017ee, aby sme sa modlili tie\u017e ka\u017ed\u00fd de\u0148 tri ru\u017eence &#8211; za seba, aj za druh\u00fdch. Spome\u0148me si na ochotu a horlivos\u0165 fatimsk\u00fdch det\u00ed, modliacich sa za obr\u00e1tenie hrie\u0161nikov. Vr\u00facna modlitba s d\u00f4verou u\u017e to\u013eko kr\u00e1t u P\u00e1na vyprosila z\u00e1zra\u010dn\u00e9 milosti!<\/p>\n<p>Pok\u00e1nie n\u00e1s vedie k o\u010disteniu, k preh\u013abeniu pochopenia zmyslu \u013eudsk\u00e9ho \u017eivota tu, na zemi, pre\u017e\u00edvan\u00edm ktor\u00e9ho si \u201epripravujeme&#8220; ve\u010dnos\u0165. Vyu\u017eime dobre tento \u010das, v l\u00e1ske, v d\u00f4vere, nech\u00e1vaj\u00fac sa s\u00fdti\u0165 a posil\u0148ova\u0165 P\u00e1nom cez jeho Slovo a v t\u00fdchto d\u0148och prostredn\u00edctvom duchovn\u00e9ho sv. prij\u00edmania.<\/p>\n<p>Mysl\u00edm na V\u00e1s v modlitb\u00e1ch a v\u0161etk\u00fdm V\u00e1m \u017eehn\u00e1m<\/p>\n<p>* Mons. Stanislav Stol\u00e1rik ro\u017e\u0148avsk\u00fd biskup<\/p>\n","protected":false},"excerpt":{"rendered":"<p>&nbsp; Drah\u00ed bratia k\u0148azi, drah\u00ed veriaci, \u201eOd 16. marca, kedy je, ako v\u017edy 16. &#8211; teho v mesiaci, De\u0148 modlitieb&#8230; <a href=\"https:\/\/farnostgelnica.sk\/?p=1844\">\u010c\u00edta\u0165 cel\u00fd \u010dl\u00e1nok &raquo;<\/a><\/p>\n","protected":false},"author":2,"featured_media":0,"comment_status":"closed","ping_status":"closed","sticky":false,"template":"","format":"standard","meta":{"ngg_post_thumbnail":0,"footnotes":""},"categories":[4,2],"tags":[],"class_list":["post-1844","post","type-post","status-publish","format-standard","hentry","category-oznamy","category-z-nasho-zivota"],"_links":{"self":[{"href":"https:\/\/farnostgelnica.sk\/index.php?rest_route=\/wp\/v2\/posts\/1844"}],"collection":[{"href":"https:\/\/farnostgelnica.sk\/index.php?rest_route=\/wp\/v2\/posts"}],"about":[{"href":"https:\/\/farnostgelnica.sk\/index.php?rest_route=\/wp\/v2\/types\/post"}],"author":[{"embeddable":true,"href":"https:\/\/farnostgelnica.sk\/index.php?rest_route=\/wp\/v2\/users\/2"}],"replies":[{"embeddable":true,"href":"https:\/\/farnostgelnica.sk\/index.php?rest_route=%2Fwp%2Fv2%2Fcomments&post=1844"}],"version-history":[{"count":2,"href":"https:\/\/farnostgelnica.sk\/index.php?rest_route=\/wp\/v2\/posts\/1844\/revisions"}],"predecessor-version":[{"id":1913,"href":"https:\/\/farnostgelnica.sk\/index.php?rest_route=\/wp\/v2\/posts\/1844\/revisions\/1913"}],"wp:attachment":[{"href":"https:\/\/farnostgelnica.sk\/index.php?rest_route=%2Fwp%2Fv2%2Fmedia&parent=1844"}],"wp:term":[{"taxonomy":"category","embeddable":true,"href":"https:\/\/farnostgelnica.sk\/index.php?rest_route=%2Fwp%2Fv2%2Fcategories&post=1844"},{"taxonomy":"post_tag","embeddable":true,"href":"https:\/\/farnostgelnica.sk\/index.php?rest_route=%2Fwp%2Fv2%2Ftags&post=1844"}],"curies":[{"name":"wp","href":"https:\/\/api.w.org\/{rel}","templated":true}]}}