{"id":1607,"date":"2019-01-19T03:51:09","date_gmt":"2019-01-19T03:51:09","guid":{"rendered":"https:\/\/farnostgelnica.sk\/?p=1607"},"modified":"2019-01-19T03:52:21","modified_gmt":"2019-01-19T03:52:21","slug":"restaurovanie-kamenneho-ustupkoveho-portalu-vo-svatyni","status":"publish","type":"post","link":"https:\/\/farnostgelnica.sk\/?p=1607","title":{"rendered":"Re\u0161taurovanie kamenn\u00e9ho \u00fastupkov\u00e9ho port\u00e1lu vo sv\u00e4tyni"},"content":{"rendered":"<p><img loading=\"lazy\" decoding=\"async\" class=\"size-full wp-image-1609 alignleft\" src=\"https:\/\/farnostgelnica.sk\/wp-content\/uploads\/2019\/01\/SAKR-00.jpg\" alt=\"bty\" width=\"150\" height=\"150\" \/><\/p>\n<p>Koncom roka 2018 bola ukon\u010den\u00e1 prv\u00e1 etapa pr\u00e1c spojen\u00fdch s prezent\u00e1ciou \u00fastupkov\u00e9ho kamenn\u00e9ho port\u00e1lu sv\u00e4tyne n\u00e1\u0161ho chr\u00e1mu, ktor\u00fa predstavovalo re\u0161taurovanie zachovan\u00fdch kamenn\u00fdch \u010dl\u00e1nkov port\u00e1lu, ktor\u00fd bol n\u00e1jden\u00fd pri sond\u00e1\u017enom pamiatkovom v\u00fdskume v roku 2015.\u00a0 Port\u00e1l poch\u00e1dzaj\u00faci zo 14.storo\u010dia bol zamurovan\u00fd v 18. storo\u010d\u00ed v \u010dase barokiz\u00e1cie interi\u00e9ru kostola, kedy vzh\u013eadom na ve\u013ekos\u0165 nov\u00e9ho barokov\u00e9ho olt\u00e1ra bol zriaden\u00fd nov\u00fd vstup do sakristie.<\/p>\n<p>Re\u0161taur\u00e1torsk\u00e9 pr\u00e1ce realizovan\u00e9 v druhom polroku 2018 boli zabezpe\u010dovan\u00e9 Mgr.art. \u0160tefanom Siv\u00e1\u0148om hlavne v\u010faka z\u00edskaniu dot\u00e1cie z Ministerstva kult\u00fary SR\u00a0 dota\u010dnom programe &#8222;Obnov si svoj dom&#8220;, ktor\u00fa z\u00edskala na\u0161a farnos\u0165 v roku 2018 na tento projekt v celkovej v\u00fd\u0161ke 6.000,-\u20ac.\u00a0 Celkov\u00e1 cena zrealizovan\u00fdch re\u0161taur\u00e1torsk\u00fdch pr\u00e1c v roku 2018 na obnove tohto port\u00e1lu a pri\u013eahl\u00fdch omietok predstavuje sumu 6.500,-\u20ac.<\/p>\n<p>Po o\u010disten\u00ed p\u00f4vodnej kamennej hmoty a zisten\u00ed jej stavu, bola za \u00fa\u010dasti z\u00e1stupcu KP\u00da Ko\u0161ice dohodnut\u00e1 prezent\u00e1cia port\u00e1lu v p\u00f4vodnej hmote bez dop\u013a\u0148ania ch\u00fdbaj\u00facich \u010dast\u00ed.<\/p>\n<p>Na pr\u00e1ce realizovan\u00e9 v roku 2018 bude nadv\u00e4zova\u0165 v roku 2019 prekl\u00e1dka elektroin\u0161t\u00e1l\u00e1cie do \u00farovne pod kamenn\u00fd prah port\u00e1lu a n\u00e1sledn\u00e1 realiz\u00e1cia jeho uzavretia a v\u00fdslednej prezent\u00e1cie na ktor\u00fa bude spracovan\u00e1 samostatn\u00e1 dokument\u00e1cia podliehaj\u00faca schv\u00e1leniu KP\u00da Ko\u0161ice.<\/p>\n<p>Priebeh re\u0161taur\u00e1torsk\u00fdch pr\u00e1c zabezpe\u010dovan\u00fdch v roku 2018 bol dozorovan\u00fd pracovn\u00edkmi KP\u00da.<\/p>\n<p>Realiz\u00e1ciou tejto obnovy sa ukon\u010dila \u010fal\u0161ia \u010das\u0165 obnovy kamenn\u00fdch \u010dl\u00e1nkov n\u00e1\u0161ho chr\u00e1mu, ktor\u00e1 by mala v roku 2019 pokra\u010dova\u0165 obnovou gotick\u00fdch sed\u00edli\u00ed nach\u00e1dzaj\u00facich sa na n\u00e1protivnej stene presbyt\u00e9ria.<\/p>\n<p>Na uveden\u00e9 pr\u00e1ce po\u017eiadala na\u0161a farnos\u0165\u00a0 o finan\u010dn\u00fa pomoc z uveden\u00e9ho dota\u010dn\u00e9ho programu pre rok 2019 Ministerstvo kult\u00fary SR.<\/p>\nngg_shortcode_0_placeholder\n","protected":false},"excerpt":{"rendered":"<p>Koncom roka 2018 bola ukon\u010den\u00e1 prv\u00e1 etapa pr\u00e1c spojen\u00fdch s prezent\u00e1ciou \u00fastupkov\u00e9ho kamenn\u00e9ho port\u00e1lu sv\u00e4tyne n\u00e1\u0161ho chr\u00e1mu, ktor\u00fa predstavovalo re\u0161taurovanie&#8230; <a href=\"https:\/\/farnostgelnica.sk\/?p=1607\">\u010c\u00edta\u0165 cel\u00fd \u010dl\u00e1nok &raquo;<\/a><\/p>\n","protected":false},"author":2,"featured_media":0,"comment_status":"closed","ping_status":"closed","sticky":false,"template":"","format":"standard","meta":{"ngg_post_thumbnail":0,"footnotes":""},"categories":[4,5,2],"tags":[],"class_list":["post-1607","post","type-post","status-publish","format-standard","hentry","category-oznamy","category-z-nasho-zivota-z-nasho-zivota","category-z-nasho-zivota"],"_links":{"self":[{"href":"https:\/\/farnostgelnica.sk\/index.php?rest_route=\/wp\/v2\/posts\/1607"}],"collection":[{"href":"https:\/\/farnostgelnica.sk\/index.php?rest_route=\/wp\/v2\/posts"}],"about":[{"href":"https:\/\/farnostgelnica.sk\/index.php?rest_route=\/wp\/v2\/types\/post"}],"author":[{"embeddable":true,"href":"https:\/\/farnostgelnica.sk\/index.php?rest_route=\/wp\/v2\/users\/2"}],"replies":[{"embeddable":true,"href":"https:\/\/farnostgelnica.sk\/index.php?rest_route=%2Fwp%2Fv2%2Fcomments&post=1607"}],"version-history":[{"count":7,"href":"https:\/\/farnostgelnica.sk\/index.php?rest_route=\/wp\/v2\/posts\/1607\/revisions"}],"predecessor-version":[{"id":1635,"href":"https:\/\/farnostgelnica.sk\/index.php?rest_route=\/wp\/v2\/posts\/1607\/revisions\/1635"}],"wp:attachment":[{"href":"https:\/\/farnostgelnica.sk\/index.php?rest_route=%2Fwp%2Fv2%2Fmedia&parent=1607"}],"wp:term":[{"taxonomy":"category","embeddable":true,"href":"https:\/\/farnostgelnica.sk\/index.php?rest_route=%2Fwp%2Fv2%2Fcategories&post=1607"},{"taxonomy":"post_tag","embeddable":true,"href":"https:\/\/farnostgelnica.sk\/index.php?rest_route=%2Fwp%2Fv2%2Ftags&post=1607"}],"curies":[{"name":"wp","href":"https:\/\/api.w.org\/{rel}","templated":true}]}}